{"id":4636,"date":"2024-03-30T11:45:47","date_gmt":"2024-03-30T10:45:47","guid":{"rendered":"http:\/\/xn--tus-altwarmbchen-uzb.de\/?p=4636"},"modified":"2024-03-30T11:52:25","modified_gmt":"2024-03-30T10:52:25","slug":"trainingslager-2024","status":"publish","type":"post","link":"http:\/\/xn--tus-altwarmbchen-uzb.de\/?p=4636","title":{"rendered":"Trainingslager 2024"},"content":{"rendered":"\n<p class=\"p3\" style=\"margin: 0cm;\"><span class=\"s2\">Das Trainingslager 2024 gestaltete sich dieses Jahr erstmals seit mehreren Jahrzehnten etwas anders: anstelle einer gesamten Woche ausw\u00e4rts, haben wir uns dieses Jahr vom 26.-29.03. zweimal t\u00e4glich auf dem heimischen Sportplatz getroffen.<\/span><!--more--><\/p>\n<p class=\"p3\" style=\"margin: 0cm; font-stretch: normal; font-size-adjust: none; font-kerning: auto; font-variant-alternates: normal; font-variant-ligatures: normal; font-variant-numeric: normal; font-variant-east-asian: normal; font-variant-position: normal; font-feature-settings: normal; font-optical-sizing: auto; font-variation-settings: normal; -webkit-text-size-adjust: auto;\"><span class=\"s2\">Den Auftakt der Woche am Dienstagmorgen machte das Trainerteam Kerstin und Arman. Ab Dienstagnachmittag waren Henning und Maike t\u00e4glich mit den Athleten\/innen auf der Rundbahn.<\/span><\/p>\n<p class=\"p3\" style=\"margin: 0cm; font-stretch: normal; font-size-adjust: none; font-kerning: auto; font-variant-alternates: normal; font-variant-ligatures: normal; font-variant-numeric: normal; font-variant-east-asian: normal; font-variant-position: normal; font-feature-settings: normal; font-optical-sizing: auto; font-variation-settings: normal; -webkit-text-size-adjust: auto;\"><span class=\"s2\">Diverse Technikeinheiten mit Spr\u00fcngen, Starts und W\u00fcrfen wurden bei den mehrst\u00fcndigen Tageseinheiten absolviert, aber auch Intervalle und Tempol\u00e4ufe durften selbstverst\u00e4ndlich nicht fehlen.\u00a0<\/span><\/p>\n<p class=\"p3\" style=\"margin: 0cm; font-stretch: normal; font-size-adjust: none; font-kerning: auto; font-variant-alternates: normal; font-variant-ligatures: normal; font-variant-numeric: normal; font-variant-east-asian: normal; font-variant-position: normal; font-feature-settings: normal; font-optical-sizing: auto; font-variation-settings: normal; -webkit-text-size-adjust: auto;\"><span class=\"s2\">Die Muskelkater geplagten K\u00f6rper und vor allem m\u00fcden Beine wurde beim gemeinsamen Fu\u00dfballspielen nochmal richtig in Schwung gebracht. Hier holten die Athleten\/innen alles raus. Vor allem die starke Abwehr der Athletinnen nagelte die Tore f\u00f6rmlich zu.\u00a0<\/span><\/p>\n<p class=\"p3\" style=\"margin: 0cm; font-stretch: normal; font-size-adjust: none; font-kerning: auto; font-variant-alternates: normal; font-variant-ligatures: normal; font-variant-numeric: normal; font-variant-east-asian: normal; font-variant-position: normal; font-feature-settings: normal; font-optical-sizing: auto; font-variation-settings: normal; -webkit-text-size-adjust: auto;\"><span class=\"s2\">Neben dem Training rundeten die Ostereiersuche und das abschlie\u00dfende, gemeinsame Pizzaessen mit dem St\u00e4ndchen f\u00fcr das Geburtstagskind am Karfreitag die kurze Woche ab.<\/span><\/p>\n<p class=\"p3\" style=\"margin: 0cm; font-stretch: normal; font-size-adjust: none; font-kerning: auto; font-variant-alternates: normal; font-variant-ligatures: normal; font-variant-numeric: normal; font-variant-east-asian: normal; font-variant-position: normal; font-feature-settings: normal; font-optical-sizing: auto; font-variation-settings: normal; -webkit-text-size-adjust: auto;\"><span class=\"s2\">Die Freiluftsaison 2024 kann beginnen!<\/span><\/p>\n\n\n\n<figure class=\"wp-block-image size-large\"><a href=\"http:\/\/xn--tus-altwarmbchen-uzb.de\/wp-content\/uploads\/2024\/03\/Bricht-TL-2024-scaled.jpg\"><img loading=\"lazy\" decoding=\"async\" width=\"1024\" height=\"626\" src=\"http:\/\/xn--tus-altwarmbchen-uzb.de\/wp-content\/uploads\/2024\/03\/Bricht-TL-2024-1024x626.jpg\" alt=\"\" class=\"wp-image-4635\" srcset=\"http:\/\/xn--tus-altwarmbchen-uzb.de\/wp-content\/uploads\/2024\/03\/Bricht-TL-2024-1024x626.jpg 1024w, http:\/\/xn--tus-altwarmbchen-uzb.de\/wp-content\/uploads\/2024\/03\/Bricht-TL-2024-300x183.jpg 300w, http:\/\/xn--tus-altwarmbchen-uzb.de\/wp-content\/uploads\/2024\/03\/Bricht-TL-2024-768x469.jpg 768w, http:\/\/xn--tus-altwarmbchen-uzb.de\/wp-content\/uploads\/2024\/03\/Bricht-TL-2024-1536x939.jpg 1536w, http:\/\/xn--tus-altwarmbchen-uzb.de\/wp-content\/uploads\/2024\/03\/Bricht-TL-2024-2048x1251.jpg 2048w, http:\/\/xn--tus-altwarmbchen-uzb.de\/wp-content\/uploads\/2024\/03\/Bricht-TL-2024-491x300.jpg 491w\" sizes=\"auto, (max-width: 1024px) 100vw, 1024px\" \/><\/a><\/figure>\n","protected":false},"excerpt":{"rendered":"<p>Das Trainingslager 2024 gestaltete sich dieses Jahr erstmals seit mehreren Jahrzehnten etwas anders: anstelle einer gesamten Woche ausw\u00e4rts, haben wir uns dieses Jahr vom 26.-29.03. zweimal t\u00e4glich auf dem heimischen Sportplatz getroffen.<\/p>\n","protected":false},"author":2,"featured_media":0,"comment_status":"closed","ping_status":"closed","sticky":false,"template":"","format":"standard","meta":{"footnotes":""},"categories":[1],"tags":[],"class_list":["post-4636","post","type-post","status-publish","format-standard","hentry","category-allgemein"],"_links":{"self":[{"href":"http:\/\/xn--tus-altwarmbchen-uzb.de\/index.php?rest_route=\/wp\/v2\/posts\/4636","targetHints":{"allow":["GET"]}}],"collection":[{"href":"http:\/\/xn--tus-altwarmbchen-uzb.de\/index.php?rest_route=\/wp\/v2\/posts"}],"about":[{"href":"http:\/\/xn--tus-altwarmbchen-uzb.de\/index.php?rest_route=\/wp\/v2\/types\/post"}],"author":[{"embeddable":true,"href":"http:\/\/xn--tus-altwarmbchen-uzb.de\/index.php?rest_route=\/wp\/v2\/users\/2"}],"replies":[{"embeddable":true,"href":"http:\/\/xn--tus-altwarmbchen-uzb.de\/index.php?rest_route=%2Fwp%2Fv2%2Fcomments&post=4636"}],"version-history":[{"count":2,"href":"http:\/\/xn--tus-altwarmbchen-uzb.de\/index.php?rest_route=\/wp\/v2\/posts\/4636\/revisions"}],"predecessor-version":[{"id":4638,"href":"http:\/\/xn--tus-altwarmbchen-uzb.de\/index.php?rest_route=\/wp\/v2\/posts\/4636\/revisions\/4638"}],"wp:attachment":[{"href":"http:\/\/xn--tus-altwarmbchen-uzb.de\/index.php?rest_route=%2Fwp%2Fv2%2Fmedia&parent=4636"}],"wp:term":[{"taxonomy":"category","embeddable":true,"href":"http:\/\/xn--tus-altwarmbchen-uzb.de\/index.php?rest_route=%2Fwp%2Fv2%2Fcategories&post=4636"},{"taxonomy":"post_tag","embeddable":true,"href":"http:\/\/xn--tus-altwarmbchen-uzb.de\/index.php?rest_route=%2Fwp%2Fv2%2Ftags&post=4636"}],"curies":[{"name":"wp","href":"https:\/\/api.w.org\/{rel}","templated":true}]}}