{"id":4625,"date":"2024-03-11T12:42:51","date_gmt":"2024-03-11T11:42:51","guid":{"rendered":"http:\/\/xn--tus-altwarmbchen-uzb.de\/?p=4625"},"modified":"2024-03-11T12:47:12","modified_gmt":"2024-03-11T11:47:12","slug":"23-tus-la-athleten-wurden-bei-der-sportlerehrung-geehrt","status":"publish","type":"post","link":"http:\/\/xn--tus-altwarmbchen-uzb.de\/?p=4625","title":{"rendered":"23 TuS LA Athleten wurden bei der Sportlerehrung geehrt"},"content":{"rendered":"\n<p class=\"western\">Am Freitag, 08. 03. 24 um 18.00 Uhr, hatte die Gemeinde zur Sportlerehrung 2023 in die Mensa der IGS in AWB eingeladen; weiter siehe Seite 2.<\/p>\n<p><!--nextpage--><\/p>\n<p class=\"western\">Die LA Abt war mit 23 Athleten stark vertreten. Nach kurzen Ansprachen vom Gemeindeb\u00fcrgermeister Herrn Mith\u00f6fer und dem Vorsitzenden der Sport AG der Gemeinde Isernhagen, G\u00fcnther Wieneke, wurden die zu ehrenden auf die B\u00fchne gebeten. Dort gab es f\u00fcr alle eine Urkunde und eine Medaille; f\u00fcr die Sch\u00fcler\/Jugendlichen au\u00dferdem noch einen Gutschein f\u00fcr das Utopiakino in Langengagen. Voraussetzungen f\u00fcr die Ehrung war: Kreisbester bis 12 Jahre, Kreismeister, Bezirksmeister, Platz 1 \u2013 3 bei den NLV-Meisterschaften, Norddeutschen und Deutschen Meisterschaften.<\/p>\n<p class=\"western\">Von der LA Abt wurden folgende Athleten geehrt: Helmut Pohlmann, Kerstin Schr\u00e4mmer, Cordula Schippert, Heiko Liebmann, Leander Schulz, Nils und Lucas Will, Teetje Wietler, Bogdan Kazancev, Benedict Sibbertsen, Marlon Hirsch, Leke Suka, Felix Kemner, Annemieke Buchholz, Banu Bilgin, Lea Hachmeister, Emilia Vie\u00dfmann, Ida Grinzoff, Henrike Weis, Finn Zimmermann, N. Demuth, A. Schlamann, Lenis Brand.<\/p>\n<p>\u00a0<\/p>\n<p class=\"western\"><br \/><br \/><\/p>\n\n\n<div class=\"wp-block-image\">\n<figure class=\"aligncenter size-large is-resized\"><a href=\"http:\/\/xn--tus-altwarmbchen-uzb.de\/wp-content\/uploads\/2024\/03\/1000008502-rotated.jpg\"><img loading=\"lazy\" decoding=\"async\" width=\"1024\" height=\"1024\" src=\"http:\/\/xn--tus-altwarmbchen-uzb.de\/wp-content\/uploads\/2024\/03\/1000008502-1024x1024.jpg\" alt=\"\" class=\"wp-image-4628\" style=\"aspect-ratio:1;width:472px;height:auto\" srcset=\"http:\/\/xn--tus-altwarmbchen-uzb.de\/wp-content\/uploads\/2024\/03\/1000008502-1024x1024.jpg 1024w, http:\/\/xn--tus-altwarmbchen-uzb.de\/wp-content\/uploads\/2024\/03\/1000008502-300x300.jpg 300w, http:\/\/xn--tus-altwarmbchen-uzb.de\/wp-content\/uploads\/2024\/03\/1000008502-150x150.jpg 150w, http:\/\/xn--tus-altwarmbchen-uzb.de\/wp-content\/uploads\/2024\/03\/1000008502-768x768.jpg 768w, http:\/\/xn--tus-altwarmbchen-uzb.de\/wp-content\/uploads\/2024\/03\/1000008502-rotated.jpg 1496w\" sizes=\"auto, (max-width: 1024px) 100vw, 1024px\" \/><\/a><\/figure><\/div>\n\n","protected":false},"excerpt":{"rendered":"<p>Am Freitag, 08. 03. 24 um 18.00 Uhr, hatte die Gemeinde zur Sportlerehrung 2023 in die Mensa der IGS in AWB eingeladen; weiter siehe Seite 2.<\/p>\n","protected":false},"author":2,"featured_media":0,"comment_status":"closed","ping_status":"closed","sticky":false,"template":"","format":"standard","meta":{"footnotes":""},"categories":[1],"tags":[],"class_list":["post-4625","post","type-post","status-publish","format-standard","hentry","category-allgemein"],"_links":{"self":[{"href":"http:\/\/xn--tus-altwarmbchen-uzb.de\/index.php?rest_route=\/wp\/v2\/posts\/4625","targetHints":{"allow":["GET"]}}],"collection":[{"href":"http:\/\/xn--tus-altwarmbchen-uzb.de\/index.php?rest_route=\/wp\/v2\/posts"}],"about":[{"href":"http:\/\/xn--tus-altwarmbchen-uzb.de\/index.php?rest_route=\/wp\/v2\/types\/post"}],"author":[{"embeddable":true,"href":"http:\/\/xn--tus-altwarmbchen-uzb.de\/index.php?rest_route=\/wp\/v2\/users\/2"}],"replies":[{"embeddable":true,"href":"http:\/\/xn--tus-altwarmbchen-uzb.de\/index.php?rest_route=%2Fwp%2Fv2%2Fcomments&post=4625"}],"version-history":[{"count":3,"href":"http:\/\/xn--tus-altwarmbchen-uzb.de\/index.php?rest_route=\/wp\/v2\/posts\/4625\/revisions"}],"predecessor-version":[{"id":4629,"href":"http:\/\/xn--tus-altwarmbchen-uzb.de\/index.php?rest_route=\/wp\/v2\/posts\/4625\/revisions\/4629"}],"wp:attachment":[{"href":"http:\/\/xn--tus-altwarmbchen-uzb.de\/index.php?rest_route=%2Fwp%2Fv2%2Fmedia&parent=4625"}],"wp:term":[{"taxonomy":"category","embeddable":true,"href":"http:\/\/xn--tus-altwarmbchen-uzb.de\/index.php?rest_route=%2Fwp%2Fv2%2Fcategories&post=4625"},{"taxonomy":"post_tag","embeddable":true,"href":"http:\/\/xn--tus-altwarmbchen-uzb.de\/index.php?rest_route=%2Fwp%2Fv2%2Ftags&post=4625"}],"curies":[{"name":"wp","href":"https:\/\/api.w.org\/{rel}","templated":true}]}}